{"id":1436,"date":"2025-04-24T07:58:19","date_gmt":"2025-04-24T07:58:19","guid":{"rendered":"https:\/\/www.micamaabatible.es\/blog\/?p=1436"},"modified":"2025-04-24T07:58:21","modified_gmt":"2025-04-24T07:58:21","slug":"camas-abatibles-con-estanterias-para-decorar-y-organizar","status":"publish","type":"post","link":"https:\/\/www.micamaabatible.es\/blog\/camas-abatibles-con-estanterias-para-decorar-y-organizar\/","title":{"rendered":"Camas abatibles con estanter\u00edas para decorar y organizar"},"content":{"rendered":"\n<figure class=\"wp-block-image size-large\"><img loading=\"lazy\" width=\"1000\" height=\"783\" src=\"https:\/\/www.micamaabatible.es\/blog\/imagenes\/camas-abatibles-con-estanterias-para-decorar-y-organizar.jpg\" alt=\"\" class=\"wp-image-1437\" srcset=\"https:\/\/www.micamaabatible.es\/blog\/imagenes\/camas-abatibles-con-estanterias-para-decorar-y-organizar.jpg 1000w, https:\/\/www.micamaabatible.es\/blog\/imagenes\/camas-abatibles-con-estanterias-para-decorar-y-organizar-300x235.jpg 300w, https:\/\/www.micamaabatible.es\/blog\/imagenes\/camas-abatibles-con-estanterias-para-decorar-y-organizar-768x601.jpg 768w\" sizes=\"(max-width: 1000px) 100vw, 1000px\" \/><\/figure>\n\n\n\n<p>Si alguna vez te has preguntado si se puede vivir con estilo en espacios reducidos,<strong> <\/strong>la respuesta es un rotundo s\u00ed, siempre que sepamos elegir bien el mobiliario. Con el <strong>encarecimiento progresivo del mercado inmobiliario<\/strong>, especialmente en las grandes ciudades, muchas personas se est\u00e1n viendo abocadas a vivir en <strong>estudios, <\/strong><strong><em>lofts <\/em><\/strong><strong>o apartamentos con una superficie de peque\u00f1as dimensiones<\/strong>. Sin embargo, lejos de suponer una desventaja, esta limitaci\u00f3n ha impulsado una nueva forma de habitar los espacios mucho m\u00e1s funcional, <strong>m\u00e1s creativa e ingeniosa y, sobre todo, m\u00e1s vers\u00e1til.&nbsp;<\/strong><\/p>\n\n\n\n<p>En estos entornos urbanos, donde hay que tener en cuenta cada cent\u00edmetro, el <strong>mobiliario inteligente y multifuncional<\/strong> se puede convertir en uno de nuestros mejores aliados. En este contexto, no debemos pasar por alto que las camas abatibles se han consolidado como <strong>una de las opciones m\u00e1s pr\u00e1cticas y sofisticadas <\/strong>que puedes encontrar en el mercado.&nbsp;<\/p>\n\n\n\n<p>No solo permiten liberar una buena cantidad de espacio durante el d\u00eda, sino que tambi\u00e9n ofrecen soluciones est\u00e9ticas que <strong>se pueden adaptar a cualquier estilo decorativo <\/strong>y que son capaces de transformar por completo la percepci\u00f3n del dise\u00f1o de interiores de cualquier estancia. Por ese motivo, en este art\u00edculo, nos vamos a detener en explicar qu\u00e9 son las camas abatibles y, concretamente, en <strong>una de las variantes m\u00e1s demandadas de la actualidad: la cama abatible con estanter\u00eda<\/strong>, una soluci\u00f3n perfecta para ganar funcionalidad sin perder estilo. \u00a1Sigue leyendo para obtener m\u00e1s informaci\u00f3n al respecto!<\/p>\n\n\n\n<h2>\u00bfQu\u00e9 son las camas abatibles?<\/h2>\n\n\n\n<p>Las camas abatibles son estructuras de descanso especialmente <strong>dise\u00f1adas para espacios peque\u00f1os o habitaciones que deben cumplir m\u00e1s de una funci\u00f3n.<\/strong> Se trata de camas que se pliegan vertical u horizontalmente contra la pared, por lo que quedan integradas en un mueble que puede recordar a un armario, un aparador o incluso una librer\u00eda. La apertura y el cierre son r\u00e1pidos y muy seguros gracias a que cuentan sistemas de herrajes y excelentes mecanismos&nbsp; de amortiguaci\u00f3n.&nbsp;<\/p>\n\n\n\n<p>Este tipo de camas permite transformar el espacio dependiendo del momento del d\u00eda, ya que<strong> funcionan como dormitorios por la noche, pero como \u00e1rea de estudio, trabajo o de juegos durante el d\u00eda. <\/strong>Por este motivo, resultan ideales para instalar en habitaciones juveniles compartidas, despachos multifuncionales, que tambi\u00e9n cumplen la funci\u00f3n de cuarto de invitados, salones o incluso para instalar segundas residencias donde el espacio est\u00e1 limitado. Adem\u00e1s, su <strong>excelente dise\u00f1o, que se puede adaptar dependiendo del estilo decorativo, <\/strong>no compromete los niveles de confort, ya que ofrecen la misma calidad de descanso que las camas tradicionales.<\/p>\n\n\n\n<p>En Mi Cama Abatible puedes encontrar <strong>camas abatibles con apertura vertical, <\/strong>perfectas para techos altos o espacios estrechos,<strong> y de apertura horizontal, <\/strong>m\u00e1s adecuadas para habitaciones alargadas o con menor altura disponible. Entre las opciones m\u00e1s completas del mercado tambi\u00e9n podemos mencionar las <a href=\"https:\/\/www.micamaabatible.es\/95-camas-abatibles-con-altillo\"><strong>camas abatibles con altillo<\/strong><\/a>, que a\u00f1aden un extra de almacenamiento en la parte superior sin tener que renunciar a la parte est\u00e9tica o decorativa de nuestro hogar para poder guardar ropa, mantas, libros, lo que queramos.&nbsp;<\/p>\n\n\n\n<h2>Camas abatibles con estanter\u00edas: una opci\u00f3n innovadora<\/h2>\n\n\n\n<figure class=\"wp-block-image size-large\"><img loading=\"lazy\" width=\"1024\" height=\"660\" src=\"https:\/\/www.micamaabatible.es\/blog\/imagenes\/camas-abatibles-con-estanterias-una-opcion-innovadora-1024x660.jpg\" alt=\"\" class=\"wp-image-1438\" srcset=\"https:\/\/www.micamaabatible.es\/blog\/imagenes\/camas-abatibles-con-estanterias-una-opcion-innovadora-1024x660.jpg 1024w, https:\/\/www.micamaabatible.es\/blog\/imagenes\/camas-abatibles-con-estanterias-una-opcion-innovadora-300x193.jpg 300w, https:\/\/www.micamaabatible.es\/blog\/imagenes\/camas-abatibles-con-estanterias-una-opcion-innovadora-768x495.jpg 768w, https:\/\/www.micamaabatible.es\/blog\/imagenes\/camas-abatibles-con-estanterias-una-opcion-innovadora.jpg 1196w\" sizes=\"(max-width: 1024px) 100vw, 1024px\" \/><\/figure>\n\n\n\n<p>Cuando la cama abatible se combina con una estanter\u00eda, el resultado que obtenemos no es otra cosa que una soluci\u00f3n doblemente pr\u00e1ctica. Es decir, que disponemos de un mueble que <strong>sirve para descansar y para organizar nuestros objetos en un \u00fanico espacio.<\/strong> Este tipo de dise\u00f1o es perfecto para aquellas personas que necesitan optimizar el almacenaje sin saturar el espacio visual.&nbsp;<\/p>\n\n\n\n<p>Las estanter\u00edas <strong>pueden instalarse en los laterales, en la parte superior o incluso formar parte del mismo frente del mueble<\/strong>, convirtiendo la cama, de esta manera, en una estructura decorativa tanto cuando est\u00e1 recogida contra la pared como cuando se encuentra en uso.<\/p>\n\n\n\n<p>Esta combinaci\u00f3n resulta <strong>especialmente \u00fatil para instalar en habitaciones juveniles<\/strong>, donde el almacenaje de libros, juegos y objetos personales es esencial. Tambi\u00e9n puede ser muy \u00fatil en salones y despachos, donde las estanter\u00edas pueden servir <strong>de gran ayuda para crear un ambiente m\u00e1s c\u00e1lido y ordenado.<\/strong> Las camas abatibles con estanter\u00eda no \u00fanicamente nos permiten aprovechar al m\u00e1ximo el espacio disponible, sino que tambi\u00e9n<strong> permiten personalizar la estancia con un toque decorativo que se puede adaptar a cualquier estilo<\/strong>, ya sea minimalismo escandinavo o de est\u00e9tica m\u00e1s cl\u00e1sica e industrial.<\/p>\n\n\n\n<h2>Ventajas decorativas y funcionales<\/h2>\n\n\n\n<p>Ahora bien, debemos anotar que una de las grandes virtudes de las camas abatibles con estanter\u00eda es su <strong>excelente capacidad para mantener el orden de cualquier estancia manteniendo un estilo decorativo bien definido.<\/strong> Al incorporar baldas o compartimentos cerrados, este tipo de muebles permite tenerlo todo a mano y bien organizado, sin que ello reste amplitud visual a la estancia. A nivel est\u00e9tico, estas estructuras ofrecen una <strong>gran variedad de acabados, materiales y colores,<\/strong> lo que permite adaptarlas a la decoraci\u00f3n existente sin dificultad gracias a sus variadas opciones de personalizaci\u00f3n.&nbsp;<\/p>\n\n\n\n<p>Adem\u00e1s, su <strong>dise\u00f1o compacto y modular<\/strong> contribuye a generar una sensaci\u00f3n de armon\u00eda, especialmente en espacios peque\u00f1os en los que tan s\u00f3lo un mueble mal elegido podr\u00eda llegar a romper por completo la proporci\u00f3n del conjunto. Gracias a su <strong>integraci\u00f3n perfecta en el entorno<\/strong>, estas camas se convierten en una pieza clave dentro del mundo de la decoraci\u00f3n y del dise\u00f1o de interiores.<\/p>\n\n\n\n<h2>\u00bfD\u00f3nde adquirir camas abatibles con estanter\u00eda?<\/h2>\n\n\n\n<figure class=\"wp-block-image size-large\"><img loading=\"lazy\" width=\"1024\" height=\"539\" src=\"https:\/\/www.micamaabatible.es\/blog\/imagenes\/donde-adquirir-camas-abatibles-con-estanteria-1024x539.jpg\" alt=\"\" class=\"wp-image-1439\" srcset=\"https:\/\/www.micamaabatible.es\/blog\/imagenes\/donde-adquirir-camas-abatibles-con-estanteria-1024x539.jpg 1024w, https:\/\/www.micamaabatible.es\/blog\/imagenes\/donde-adquirir-camas-abatibles-con-estanteria-300x158.jpg 300w, https:\/\/www.micamaabatible.es\/blog\/imagenes\/donde-adquirir-camas-abatibles-con-estanteria-768x404.jpg 768w, https:\/\/www.micamaabatible.es\/blog\/imagenes\/donde-adquirir-camas-abatibles-con-estanteria.jpg 1199w\" sizes=\"(max-width: 1024px) 100vw, 1024px\" \/><\/figure>\n\n\n\n<p>Elegir la cama adecuada no es solo una cuesti\u00f3n de dimensiones, ya que tambi\u00e9n <strong>implica valorar la calidad de los materiales, la seguridad del sistema de apertura y cierre, el dise\u00f1o del mueble y la capacidad de personalizaci\u00f3n<\/strong>. En este sentido, Mi Cama Abatible somos opci\u00f3n de referencia en el mercado de la actualidad, gracias a nuestra amplia experiencia y a que contamos con un<strong> cat\u00e1logo especializado que re\u00fane una gran variedad de modelos fabricados en Espa\u00f1a<\/strong>.<\/p>\n\n\n\n<p>De hecho, puedes encontrar<strong> modelos de camas abatibles con escritorio hasta opciones con sof\u00e1 integrado<\/strong>, pasando por m\u00faltiples configuraciones de estanter\u00edas, en nuestra web encontrar\u00e1s soluciones pensadas <strong>para adaptarse a cualquier necesidad de espacio y estilo.<\/strong> Adem\u00e1s, te proporcionaremos asesoramiento personalizado y env\u00edo r\u00e1pido gratuito, lo que facilita todo el proceso de compra y garantiza una experiencia c\u00f3moda y segura para ti.<\/p>\n\n\n\n<p>Las camas abatibles con estanter\u00eda representan, sin lugar a dudas, una<strong> fusi\u00f3n perfecta entre funcionalidad y dise\u00f1o<\/strong>. En un contexto donde la vivienda es cada vez m\u00e1s cara y los metros cuadrados disponibles son cada vez m\u00e1s escasos, este tipo de mobiliario se ha convertido en una<strong> herramienta esencial para transformar cualquier estancia en un espacio c\u00f3modo, organizado y visualmente atractivo.<\/strong> M\u00e1s all\u00e1 de su evidente utilidad, tambi\u00e9n se consideran una forma elegante y eficiente de redefinir nuestro modo de vida, de trabajar y descansar en nuestros hogares.<\/p>\n","protected":false},"excerpt":{"rendered":"<p>Si alguna vez te has preguntado si se puede vivir con estilo en espacios reducidos, la respuesta es un rotundo s\u00ed, siempre que sepamos elegir bien el mobiliario. Con el encarecimiento progresivo del mercado inmobiliario, especialmente en las grandes ciudades, muchas personas se est\u00e1n viendo abocadas a vivir en estudios, lofts o apartamentos con una [&hellip;]<\/p>\n","protected":false},"author":1,"featured_media":1437,"comment_status":"closed","ping_status":"closed","sticky":false,"template":"","format":"standard","meta":{"_genesis_hide_title":false,"_genesis_hide_breadcrumbs":false,"_genesis_hide_singular_image":false,"_genesis_hide_footer_widgets":false,"_genesis_custom_body_class":"","_genesis_custom_post_class":"","_genesis_layout":""},"categories":[54],"tags":[],"yoast_head":"<!-- This site is optimized with the Yoast SEO plugin v15.1 - https:\/\/yoast.com\/wordpress\/plugins\/seo\/ -->\n<title>Camas abatibles con estanter\u00edas para decorar y organizar - MiCamaAbatible.es<\/title>\n<meta name=\"description\" content=\"\u00bfEst\u00e1s pensando en optimizar el espacio de tu hogar? \u27a4 \u00a1Lee este art\u00edculo para descubrir c\u00f3mo hacerlo gracias a las camas abatibles con estanter\u00edas!\" \/>\n<meta name=\"robots\" content=\"index, follow, max-snippet:-1, max-image-preview:large, max-video-preview:-1\" \/>\n<link rel=\"canonical\" href=\"https:\/\/www.micamaabatible.es\/blog\/camas-abatibles-con-estanterias-para-decorar-y-organizar\/\" \/>\n<meta property=\"og:locale\" content=\"es_ES\" \/>\n<meta property=\"og:type\" content=\"article\" \/>\n<meta property=\"og:title\" content=\"Camas abatibles con estanter\u00edas para decorar y organizar - MiCamaAbatible.es\" \/>\n<meta property=\"og:description\" content=\"\u00bfEst\u00e1s pensando en optimizar el espacio de tu hogar? \u27a4 \u00a1Lee este art\u00edculo para descubrir c\u00f3mo hacerlo gracias a las camas abatibles con estanter\u00edas!\" \/>\n<meta property=\"og:url\" content=\"https:\/\/www.micamaabatible.es\/blog\/camas-abatibles-con-estanterias-para-decorar-y-organizar\/\" \/>\n<meta property=\"og:site_name\" content=\"MiCamaAbatible.es\" \/>\n<meta property=\"article:published_time\" content=\"2025-04-24T07:58:19+00:00\" \/>\n<meta property=\"article:modified_time\" content=\"2025-04-24T07:58:21+00:00\" \/>\n<meta property=\"og:image\" content=\"https:\/\/www.micamaabatible.es\/blog\/imagenes\/camas-abatibles-con-estanterias-para-decorar-y-organizar.jpg\" \/>\n\t<meta property=\"og:image:width\" content=\"1000\" \/>\n\t<meta property=\"og:image:height\" content=\"783\" \/>\n<meta name=\"twitter:card\" content=\"summary_large_image\" \/>\n<script type=\"application\/ld+json\" class=\"yoast-schema-graph\">{\"@context\":\"https:\/\/schema.org\",\"@graph\":[{\"@type\":\"WebSite\",\"@id\":\"https:\/\/www.micamaabatible.es\/blog\/#website\",\"url\":\"https:\/\/www.micamaabatible.es\/blog\/\",\"name\":\"MiCamaAbatible.es\",\"description\":\"\",\"potentialAction\":[{\"@type\":\"SearchAction\",\"target\":\"https:\/\/www.micamaabatible.es\/blog\/?s={search_term_string}\",\"query-input\":\"required name=search_term_string\"}],\"inLanguage\":\"es\"},{\"@type\":\"ImageObject\",\"@id\":\"https:\/\/www.micamaabatible.es\/blog\/camas-abatibles-con-estanterias-para-decorar-y-organizar\/#primaryimage\",\"inLanguage\":\"es\",\"url\":\"https:\/\/www.micamaabatible.es\/blog\/imagenes\/camas-abatibles-con-estanterias-para-decorar-y-organizar.jpg\",\"width\":1000,\"height\":783},{\"@type\":\"WebPage\",\"@id\":\"https:\/\/www.micamaabatible.es\/blog\/camas-abatibles-con-estanterias-para-decorar-y-organizar\/#webpage\",\"url\":\"https:\/\/www.micamaabatible.es\/blog\/camas-abatibles-con-estanterias-para-decorar-y-organizar\/\",\"name\":\"Camas abatibles con estanter\\u00edas para decorar y organizar - MiCamaAbatible.es\",\"isPartOf\":{\"@id\":\"https:\/\/www.micamaabatible.es\/blog\/#website\"},\"primaryImageOfPage\":{\"@id\":\"https:\/\/www.micamaabatible.es\/blog\/camas-abatibles-con-estanterias-para-decorar-y-organizar\/#primaryimage\"},\"datePublished\":\"2025-04-24T07:58:19+00:00\",\"dateModified\":\"2025-04-24T07:58:21+00:00\",\"author\":{\"@id\":\"https:\/\/www.micamaabatible.es\/blog\/#\/schema\/person\/080e0cbb2823ca3720181837b0bcc40b\"},\"description\":\"\\u00bfEst\\u00e1s pensando en optimizar el espacio de tu hogar? \\u27a4 \\u00a1Lee este art\\u00edculo para descubrir c\\u00f3mo hacerlo gracias a las camas abatibles con estanter\\u00edas!\",\"inLanguage\":\"es\",\"potentialAction\":[{\"@type\":\"ReadAction\",\"target\":[\"https:\/\/www.micamaabatible.es\/blog\/camas-abatibles-con-estanterias-para-decorar-y-organizar\/\"]}]},{\"@type\":\"Person\",\"@id\":\"https:\/\/www.micamaabatible.es\/blog\/#\/schema\/person\/080e0cbb2823ca3720181837b0bcc40b\",\"name\":\"micamaabatible\",\"image\":{\"@type\":\"ImageObject\",\"@id\":\"https:\/\/www.micamaabatible.es\/blog\/#personlogo\",\"inLanguage\":\"es\",\"url\":\"https:\/\/secure.gravatar.com\/avatar\/eb1df236d9c98aa9696c30ec8580a632?s=96&d=mm&r=g\",\"caption\":\"micamaabatible\"},\"sameAs\":[\"https:\/\/www.micamaabatible.es\/blog\"]}]}<\/script>\n<!-- \/ Yoast SEO plugin. -->","_links":{"self":[{"href":"https:\/\/www.micamaabatible.es\/blog\/wp-json\/wp\/v2\/posts\/1436"}],"collection":[{"href":"https:\/\/www.micamaabatible.es\/blog\/wp-json\/wp\/v2\/posts"}],"about":[{"href":"https:\/\/www.micamaabatible.es\/blog\/wp-json\/wp\/v2\/types\/post"}],"author":[{"embeddable":true,"href":"https:\/\/www.micamaabatible.es\/blog\/wp-json\/wp\/v2\/users\/1"}],"replies":[{"embeddable":true,"href":"https:\/\/www.micamaabatible.es\/blog\/wp-json\/wp\/v2\/comments?post=1436"}],"version-history":[{"count":1,"href":"https:\/\/www.micamaabatible.es\/blog\/wp-json\/wp\/v2\/posts\/1436\/revisions"}],"predecessor-version":[{"id":1440,"href":"https:\/\/www.micamaabatible.es\/blog\/wp-json\/wp\/v2\/posts\/1436\/revisions\/1440"}],"wp:featuredmedia":[{"embeddable":true,"href":"https:\/\/www.micamaabatible.es\/blog\/wp-json\/wp\/v2\/media\/1437"}],"wp:attachment":[{"href":"https:\/\/www.micamaabatible.es\/blog\/wp-json\/wp\/v2\/media?parent=1436"}],"wp:term":[{"taxonomy":"category","embeddable":true,"href":"https:\/\/www.micamaabatible.es\/blog\/wp-json\/wp\/v2\/categories?post=1436"},{"taxonomy":"post_tag","embeddable":true,"href":"https:\/\/www.micamaabatible.es\/blog\/wp-json\/wp\/v2\/tags?post=1436"}],"curies":[{"name":"wp","href":"https:\/\/api.w.org\/{rel}","templated":true}]}}